{"id":5277,"date":"2026-03-12T11:50:39","date_gmt":"2026-03-12T10:50:39","guid":{"rendered":"https:\/\/suedpfalz-therme.de\/formation-demploye-specialise-en-piscines\/"},"modified":"2026-03-12T11:50:39","modified_gmt":"2026-03-12T10:50:39","slug":"formation-demploye-specialise-en-piscines","status":"publish","type":"post","link":"https:\/\/suedpfalz-therme.de\/fr\/formation-demploye-specialise-en-piscines\/","title":{"rendered":"Formation d&#8217;employ\u00e9 sp\u00e9cialis\u00e9 en piscines"},"content":{"rendered":"<p>Vous \u00eates \u00e0 la recherche d&rsquo;une formation passionnante,<br \/>\net l&rsquo;eau est votre \u00e9l\u00e9ment ?<br \/>\nAlors faites le saut dans la vie professionnelle chez nous !<\/p>\n<p>&nbsp;<\/p>\n<p><strong>Contenu de la formation que nous vous transmettons :<\/strong><\/p>\n<ul>\n<li>Organisation et surveillance des activit\u00e9s de baignade<\/li>\n<li>Accueil des clients<\/li>\n<li>Ex\u00e9cution de l&rsquo;aquagym et des infusions de sauna<\/li>\n<li>Gestion et contr\u00f4le des op\u00e9rations techniques<\/li>\n<li>Surveillance de la qualit\u00e9 de l&rsquo;eau<\/li>\n<li>Premiers secours et sauvetage<\/li>\n<\/ul>\n<p>&nbsp;<\/p>\n<p><strong>Conditions pr\u00e9alables que vous devez remplir :<\/strong><\/p>\n<ul>\n<li>Dipl\u00f4me de fin d&rsquo;\u00e9tudes secondaires<\/li>\n<li>Aimer l&rsquo;exercice physique et la natation<\/li>\n<li>Aisance relationnelle et capacit\u00e9 \u00e0 travailler en \u00e9quipe<\/li>\n<li>Engagement et fiabilit\u00e9<\/li>\n<\/ul>\n<p>&nbsp;<\/p>\n<p><strong>Voici ce que nous vous offrons :<\/strong><\/p>\n<ul>\n<li>Des formateurs et un personnel exp\u00e9riment\u00e9s pour vous aider dans votre formation<\/li>\n<li>R\u00e9mun\u00e9ration attrayante des apprentis et r\u00e9gime de retraite d&rsquo;entreprise<\/li>\n<li>Entr\u00e9e gratuite aux thermes, au sauna et \u00e0 la grotte de sel<\/li>\n<li>R\u00e9ductions sur les achats en boutique et dans les restaurants, avantages sociaux<\/li>\n<li>Un travail polyvalent au sein d&rsquo;une \u00e9quipe formidable \u00e0 temps plein (37,5 heures\/semaine)<\/li>\n<\/ul>\n<p>&nbsp;<\/p>\n<p>La formation de 3 ans se d\u00e9roule en alternance \/ en bloc chez nous et \u00e0 l&rsquo;\u00e9cole professionnelle.<br \/>\nVous \u00eates int\u00e9ress\u00e9 ? Dans ce cas, nous nous r\u00e9jouissons de recevoir votre candidature avant le 30 avril 2026 \u00e0 :<br \/>\nStaatsbad Bad Bergzabern GmbH &#8211; Christiane Human<br \/>\nKurtalstra\u00dfe 27 &#8211; 76887 Bad Bergzabern &#8211; Tel : <a href=\"tel:+496343934014\">06343\/934014<\/a><br \/>\n<a href=\"mailto:christiane.human@suedpfalz-therme.de\">christiane.human@suedpfalz-therme.de<\/a><\/p>\n","protected":false},"excerpt":{"rendered":"<p>Vous \u00eates \u00e0 la recherche d&rsquo;une formation passionnante, et l&rsquo;eau est votre \u00e9l\u00e9ment ? Alors faites le saut dans la vie professionnelle chez nous ! &nbsp; Contenu de la formation que nous vous transmettons : Organisation et surveillance des activit\u00e9s de baignade Accueil des clients Ex\u00e9cution de l&rsquo;aquagym et des infusions de sauna Gestion et&hellip;<\/p>\n","protected":false},"author":1,"featured_media":5271,"comment_status":"closed","ping_status":"closed","sticky":false,"template":"","format":"standard","meta":{"inline_featured_image":false,"footnotes":""},"categories":[25],"tags":[],"class_list":["post-5277","post","type-post","status-publish","format-standard","has-post-thumbnail","hentry","category-actualites"],"publishpress_future_action":{"enabled":false,"date":"2026-05-04 17:25:11","action":"change-status","newStatus":"draft","terms":[],"taxonomy":"category","extraData":[]},"publishpress_future_workflow_manual_trigger":{"enabledWorkflows":[]},"_links":{"self":[{"href":"https:\/\/suedpfalz-therme.de\/fr\/wp-json\/wp\/v2\/posts\/5277","targetHints":{"allow":["GET"]}}],"collection":[{"href":"https:\/\/suedpfalz-therme.de\/fr\/wp-json\/wp\/v2\/posts"}],"about":[{"href":"https:\/\/suedpfalz-therme.de\/fr\/wp-json\/wp\/v2\/types\/post"}],"author":[{"embeddable":true,"href":"https:\/\/suedpfalz-therme.de\/fr\/wp-json\/wp\/v2\/users\/1"}],"replies":[{"embeddable":true,"href":"https:\/\/suedpfalz-therme.de\/fr\/wp-json\/wp\/v2\/comments?post=5277"}],"version-history":[{"count":1,"href":"https:\/\/suedpfalz-therme.de\/fr\/wp-json\/wp\/v2\/posts\/5277\/revisions"}],"predecessor-version":[{"id":5434,"href":"https:\/\/suedpfalz-therme.de\/fr\/wp-json\/wp\/v2\/posts\/5277\/revisions\/5434"}],"wp:featuredmedia":[{"embeddable":true,"href":"https:\/\/suedpfalz-therme.de\/fr\/wp-json\/wp\/v2\/media\/5271"}],"wp:attachment":[{"href":"https:\/\/suedpfalz-therme.de\/fr\/wp-json\/wp\/v2\/media?parent=5277"}],"wp:term":[{"taxonomy":"category","embeddable":true,"href":"https:\/\/suedpfalz-therme.de\/fr\/wp-json\/wp\/v2\/categories?post=5277"},{"taxonomy":"post_tag","embeddable":true,"href":"https:\/\/suedpfalz-therme.de\/fr\/wp-json\/wp\/v2\/tags?post=5277"}],"curies":[{"name":"wp","href":"https:\/\/api.w.org\/{rel}","templated":true}]}}