{"id":5278,"date":"2026-03-12T11:46:36","date_gmt":"2026-03-12T10:46:36","guid":{"rendered":"https:\/\/suedpfalz-therme.de\/relaxation-aux-bols-chantants-dans-la-grotte-de-sel-tous-les-jeudis-a-partir-davril\/"},"modified":"2026-04-16T14:01:40","modified_gmt":"2026-04-16T12:01:40","slug":"relaxation-aux-bols-chantants-dans-la-grotte-de-sel-tous-les-jeudis-a-partir-davril","status":"publish","type":"post","link":"https:\/\/suedpfalz-therme.de\/fr\/relaxation-aux-bols-chantants-dans-la-grotte-de-sel-tous-les-jeudis-a-partir-davril\/","title":{"rendered":"Yoga de la respiration et relaxation aux bols chantants dans la grotte de sel"},"content":{"rendered":"<p><strong>Yoga de la respiration dans la grotte de sel<\/strong><\/p>\n<p>Une relaxation profonde soutenue et intensifi\u00e9e par le climat marin particulier ! Ce cours permet d&rsquo;atteindre un \u00e9quilibre efficace et apaisant entre le corps et l&rsquo;esprit. La respiration est le moyen central pour d\u00e9tendre le syst\u00e8me nerveux. De l\u00e9g\u00e8res mobilisations du corps invitent \u00e0 une plus grande conscience corporelle et \u00e0 une plus grande souplesse. La relaxation profonde est la magnifique conclusion de ces s\u00e9ances et permet aux participants d&rsquo;atteindre l&rsquo;exp\u00e9rience d&rsquo;un \u00e9tat entre le sommeil et la m\u00e9ditation.    <\/p>\n<p><strong>D\u00e9but des cours :<\/strong>                      <strong>Lun. 27 avril<\/strong><strong> 2026, 15h00<\/strong><\/p>\n<p><strong>Volume : 6 x 45 minutes<\/strong><\/p>\n<p><strong>Nombre de participants : min. 4, max.  11<\/strong><\/p>\n<p><strong>Offre de lancement : 69,00 \u20ac.<\/strong><\/p>\n<p>&nbsp;<\/p>\n<p><strong>Relaxation aux bols chantants dans la grotte de sel<\/strong><\/p>\n<p>Une m\u00e9thode de relaxation bas\u00e9e sur le son, avec des bols et des jeux sonores &#8211; compl\u00e9t\u00e9e par un accompagnement vocal. Des lieux paisibles et des paysages naturels de r\u00eave apparaissent dans votre esprit, la respiration devient plus calme. Les voyages sonores peuvent aider \u00e0 oublier le quotidien, \u00e0 rel\u00e2cher les tensions et \u00e0 faire le plein d&rsquo;\u00e9nergie. Plongez dans le monde des vibrations harmonieuses et d\u00e9couvrez comment le corps et l&rsquo;esprit peuvent \u00eatre r\u00e9harmonis\u00e9s. En combinaison avec les nombreux effets positifs de la grotte de sel marin, c&rsquo;est une pause parfaite pour le corps &amp; l&rsquo;esprit.    <\/p>\n<p><strong>Rendez-vous :<\/strong>                     <strong>tous les jeudis \u00e0 partir d&rsquo;avril<\/strong><\/p>\n<p><strong>Heure : 17h00 &#8211; 17h45<\/strong><\/p>\n<p><strong>Participation : \u20ac 15,00<\/strong><\/p>\n<p><strong>Max. 11 participants <\/strong><\/p>\n<p>&nbsp;<\/p>\n<p>Nous attendons vos r\u00e9servations avec impatience !<\/p>\n","protected":false},"excerpt":{"rendered":"<p>Yoga de la respiration dans la grotte de sel Une relaxation profonde soutenue et intensifi\u00e9e par le climat marin particulier ! Ce cours permet d&rsquo;atteindre un \u00e9quilibre efficace et apaisant entre le corps et l&rsquo;esprit. La respiration est le moyen central pour d\u00e9tendre le syst\u00e8me nerveux. De l\u00e9g\u00e8res mobilisations du corps invitent \u00e0 une plus&hellip;<\/p>\n","protected":false},"author":1,"featured_media":5270,"comment_status":"closed","ping_status":"closed","sticky":false,"template":"","format":"standard","meta":{"inline_featured_image":false,"footnotes":""},"categories":[25],"tags":[],"class_list":["post-5278","post","type-post","status-publish","format-standard","has-post-thumbnail","hentry","category-actualites"],"publishpress_future_action":{"enabled":false,"date":"2026-05-04 18:40:31","action":"change-status","newStatus":"draft","terms":[],"taxonomy":"category","extraData":[]},"publishpress_future_workflow_manual_trigger":{"enabledWorkflows":[]},"_links":{"self":[{"href":"https:\/\/suedpfalz-therme.de\/fr\/wp-json\/wp\/v2\/posts\/5278","targetHints":{"allow":["GET"]}}],"collection":[{"href":"https:\/\/suedpfalz-therme.de\/fr\/wp-json\/wp\/v2\/posts"}],"about":[{"href":"https:\/\/suedpfalz-therme.de\/fr\/wp-json\/wp\/v2\/types\/post"}],"author":[{"embeddable":true,"href":"https:\/\/suedpfalz-therme.de\/fr\/wp-json\/wp\/v2\/users\/1"}],"replies":[{"embeddable":true,"href":"https:\/\/suedpfalz-therme.de\/fr\/wp-json\/wp\/v2\/comments?post=5278"}],"version-history":[{"count":2,"href":"https:\/\/suedpfalz-therme.de\/fr\/wp-json\/wp\/v2\/posts\/5278\/revisions"}],"predecessor-version":[{"id":5552,"href":"https:\/\/suedpfalz-therme.de\/fr\/wp-json\/wp\/v2\/posts\/5278\/revisions\/5552"}],"wp:featuredmedia":[{"embeddable":true,"href":"https:\/\/suedpfalz-therme.de\/fr\/wp-json\/wp\/v2\/media\/5270"}],"wp:attachment":[{"href":"https:\/\/suedpfalz-therme.de\/fr\/wp-json\/wp\/v2\/media?parent=5278"}],"wp:term":[{"taxonomy":"category","embeddable":true,"href":"https:\/\/suedpfalz-therme.de\/fr\/wp-json\/wp\/v2\/categories?post=5278"},{"taxonomy":"post_tag","embeddable":true,"href":"https:\/\/suedpfalz-therme.de\/fr\/wp-json\/wp\/v2\/tags?post=5278"}],"curies":[{"name":"wp","href":"https:\/\/api.w.org\/{rel}","templated":true}]}}