{"id":6020,"date":"2026-08-31T10:53:37","date_gmt":"2026-08-31T08:53:37","guid":{"rendered":"https:\/\/suedpfalz-therme.de\/nouveau-sauna-bio-aux-amandes\/"},"modified":"2026-08-31T10:53:37","modified_gmt":"2026-08-31T08:53:37","slug":"nouveau-sauna-bio-aux-amandes","status":"publish","type":"post","link":"https:\/\/suedpfalz-therme.de\/fr\/nouveau-sauna-bio-aux-amandes\/","title":{"rendered":"Nouveau : sauna bio aux amandes"},"content":{"rendered":"<p class=\"text-build-content\" style=\"text-align: justify; margin: 7.5pt 0cm 7.5pt 0cm;\">D\u00e8s la fin des travaux de r\u00e9novation en juin, nous avons transform\u00e9 notre sauna \u00ab Aroma-Licht \u00bb, qui commen\u00e7ait \u00e0 dater, en un sauna bio \u00e0 l&rsquo;amande. En raison de retards de livraison et de difficult\u00e9s techniques, l&rsquo;am\u00e9nagement et la mise en service du po\u00eale n&rsquo;ont pas pu \u00eatre men\u00e9s \u00e0 bien. Tout est d\u00e9sormais pr\u00eat, et nous estimons que ce sauna compl\u00e8te \u00e0 merveille, tant sur le plan th\u00e9matique qu\u2019esth\u00e9tique, notre offre r\u00e9gionale de saunas. Ce nouveau sauna a \u00e9t\u00e9 construit \u00e0 partir de bois de bouleau issu d\u2019une exploitation durable, provenant de la r\u00e9serve de biosph\u00e8re du Bliesgau. Les troncs de bouleau ont \u00e9t\u00e9 achemin\u00e9s par des chevaux de trait, en veillant \u00e0 pr\u00e9server au maximum les sols. Le th\u00e8me de l\u2019amande se refl\u00e8te dans l\u2019encadrement du po\u00eale et dans les amandes d\u00e9coratives. La couronne d\u2019amandes rose illumin\u00e9e vous donne l\u2019impression de vous d\u00e9tendre sous un amandier. Le sauna bio est synonyme d\u2019une exp\u00e9rience de sauna douce. Gr\u00e2ce \u00e0 la combinaison d\u2019une chaleur douce et d\u2019un climat humide, il convient \u00e9galement tr\u00e8s bien aux personnes ayant une circulation sanguine sensible ou aux d\u00e9butants en mati\u00e8re de sauna. L\u2019avez-vous d\u00e9j\u00e0 essay\u00e9 ?         <\/p>\n","protected":false},"excerpt":{"rendered":"<p>D\u00e8s la fin des travaux de r\u00e9novation en juin, nous avons transform\u00e9 notre sauna \u00ab Aroma-Licht \u00bb, qui commen\u00e7ait \u00e0 dater, en un sauna bio \u00e0 l&rsquo;amande. En raison de retards de livraison et de difficult\u00e9s techniques, l&rsquo;am\u00e9nagement et la mise en service du po\u00eale n&rsquo;ont pas pu \u00eatre men\u00e9s \u00e0 bien. Tout est d\u00e9sormais&hellip;<\/p>\n","protected":false},"author":5,"featured_media":5973,"comment_status":"closed","ping_status":"closed","sticky":false,"template":"","format":"standard","meta":{"inline_featured_image":false,"footnotes":""},"categories":[25],"tags":[],"class_list":["post-6020","post","type-post","status-publish","format-standard","has-post-thumbnail","hentry","category-actualites"],"publishpress_future_action":{"enabled":false,"date":"2026-09-08 08:52:33","action":"change-status","newStatus":"draft","terms":[],"taxonomy":"category","extraData":[]},"publishpress_future_workflow_manual_trigger":{"enabledWorkflows":[]},"_links":{"self":[{"href":"https:\/\/suedpfalz-therme.de\/fr\/wp-json\/wp\/v2\/posts\/6020","targetHints":{"allow":["GET"]}}],"collection":[{"href":"https:\/\/suedpfalz-therme.de\/fr\/wp-json\/wp\/v2\/posts"}],"about":[{"href":"https:\/\/suedpfalz-therme.de\/fr\/wp-json\/wp\/v2\/types\/post"}],"author":[{"embeddable":true,"href":"https:\/\/suedpfalz-therme.de\/fr\/wp-json\/wp\/v2\/users\/5"}],"replies":[{"embeddable":true,"href":"https:\/\/suedpfalz-therme.de\/fr\/wp-json\/wp\/v2\/comments?post=6020"}],"version-history":[{"count":0,"href":"https:\/\/suedpfalz-therme.de\/fr\/wp-json\/wp\/v2\/posts\/6020\/revisions"}],"wp:featuredmedia":[{"embeddable":true,"href":"https:\/\/suedpfalz-therme.de\/fr\/wp-json\/wp\/v2\/media\/5973"}],"wp:attachment":[{"href":"https:\/\/suedpfalz-therme.de\/fr\/wp-json\/wp\/v2\/media?parent=6020"}],"wp:term":[{"taxonomy":"category","embeddable":true,"href":"https:\/\/suedpfalz-therme.de\/fr\/wp-json\/wp\/v2\/categories?post=6020"},{"taxonomy":"post_tag","embeddable":true,"href":"https:\/\/suedpfalz-therme.de\/fr\/wp-json\/wp\/v2\/tags?post=6020"}],"curies":[{"name":"wp","href":"https:\/\/api.w.org\/{rel}","templated":true}]}}